{"id":3987,"date":"2022-02-21T13:30:31","date_gmt":"2022-02-21T12:30:31","guid":{"rendered":"https:\/\/fakten-basierte-politik.de\/?post_type=news-estero&#038;p=3987"},"modified":"2022-02-21T13:30:32","modified_gmt":"2022-02-21T12:30:32","slug":"a-social-credit-system-arrives-in-canada","status":"publish","type":"news-estero","link":"https:\/\/fakten-basierte-politik.de\/it\/news-estero\/a-social-credit-system-arrives-in-canada\/","title":{"rendered":"Un sistema di credito sociale arriva in Canada"},"content":{"rendered":"<p>Justin Trudeau ha appena creato una casta di intoccabili economici. Possiamo impedire che questa politica distopica prenda piede in America?<\/p>\n\n\n\n<p>L'estate scorsa, ho&nbsp;<a href=\"https:\/\/bariweiss.substack.com\/p\/get-ready-for-the-no-buy-list?utm_source=url\">avvertito<\/a>&nbsp;lettori di Common Sense che la deplorazione finanziaria sarebbe stata la prossima ondata di censura online. Le grandi aziende tecnologiche come PayPal stavano gi\u00e0 lavorando con gruppi di sinistra come l'ADL e l'SPLC per definire liste di individui e gruppi a cui negare il servizio. Man mano che un numero sempre maggiore di aziende tecnologiche dalla mentalit\u00e0 simile seguiva l'esempio (come&nbsp;<a href=\"https:\/\/davidsacks.medium.com\/the-speech-cartel-b3f5555f7787\">successo<\/a>&nbsp;con la censura dei social media), questi deplorevoli verrebbero deplorati, dequalificati e infine privati del tutto dell'accesso all'economia moderna, come punizione per le loro opinioni inaccettabili.&nbsp;<\/p>\n\n\n\n<p>Questa previsione \u00e8 diventata realt\u00e0.<\/p>\n\n\n\n<p>Quello che non potevo prevedere \u00e8 che sarebbe successo prima nel nostro mite vicino a nord, con lo stesso governo canadese a dirigere le rappresaglie. Resta da vedere se il Canada sar\u00e0 un esempio per gli Stati Uniti, ma chiunque abbia a cuore il futuro dell'America come luogo in cui i cittadini sono liberi di protestare contro il proprio governo deve comprendere ci\u00f2 che \u00e8 appena accaduto e lavorare per impedire che si radichi anche qui.<\/p>\n\n\n\n<hr class=\"wp-block-separator\"\/>\n\n\n\n<p>Nelle ultime tre settimane, migliaia di camionisti si sono riuniti a Ottawa e lungo il confine tra Canada e America per protestare contro le restrizioni e gli obblighi del Covid. Invece di impegnarsi con loro o di ascoltare le loro preoccupazioni, il primo ministro canadese Justin Trudeau li ha prima denunciati come \"persone che non hanno mai fatto nulla\".<a href=\"https:\/\/globalnews.ca\/video\/8542159\/trudeau-says-fringe-minority-in-trucker-convoy-with-unacceptable-views-dont-represent-canadians\/\">opinioni inaccettabili<\/a>.\" Poi li ha demonizzati come suprematisti bianchi, razzisti e \"sventolatori di svastiche\".&nbsp;<\/p>\n\n\n\n<p>Luned\u00ec la retorica si \u00e8 trasformata in azione quando Trudeau ha invocato la&nbsp;<a href=\"https:\/\/www.bbc.com\/news\/world-us-canada-60381096\">Legge sulle emergenze<\/a>. Questa legge del 1988, finora inutilizzata, d\u00e0 al governo un potere virtualmente illimitato per 30 giorni per affrontare una crisi. Invocare la legge nelle circostanze attuali richiederebbe la minaccia o l'uso di \"gravi violenze\", eppure la stragrande maggioranza dei manifestanti \u00e8 stata del tutto pacifica.<a href=\"https:\/\/bariweiss.substack.com\/p\/what-the-truckers-want?utm_source=url\">giocare<\/a>&nbsp;\"We Are the World\" e sventolando bandiere a forma di foglia d'acero. In effetti, il governo ha fatto pochi tentativi per giustificare la necessit\u00e0 di poteri d'emergenza, al di l\u00e0 del frequente lamento di Trudeau sul presunto \"<a href=\"https:\/\/news.yahoo.com\/trudeau-slams-apos-freedom-convoy-191859915.html\">retorica odiosa<\/a>.\" Il suo ministro della Pubblica Sicurezza Marco Mendocino&nbsp;<a href=\"https:\/\/www.bizpacreview.com\/2022\/02\/16\/ben-shapiro-canada-goes-tyrannical-1201688\/\">dichiarato<\/a>&nbsp;che tali misure straordinarie erano necessarie a causa di \"intimidazioni, molestie ed espressioni di odio\". Forse non si rende conto che nessuna di queste \u00e8 elencata nella legge come motivo valido per invocarla.&nbsp;<\/p>\n\n\n\n<p>Trudeau ha inasprito ulteriormente la situazione marted\u00ec sera, quando ha emanato una nuova direttiva chiamata \"Emergency Economic Measures Order\". Invocare un&nbsp;<a href=\"https:\/\/www.fintrac-canafe.gc.ca\/act-loi\/1-eng\">Legge sulla guerra al terrorismo<\/a>&nbsp;Chiamato \"Proceeds of Crime and Terrorist Financing Act\" (Legge sui proventi del crimine e del finanziamento del terrorismo), l'ordine richiede alle istituzioni finanziarie - tra cui banche, cooperative di credito, societ\u00e0 di prestito, trust e anche&nbsp;<a href=\"https:\/\/www.thecountersignal.com\/news\/rcmp-ban-34-crypto-wallets-from-working-in-canada\">portafogli di criptovalute<\/a>-di smettere di \"fornire qualsiasi servizio finanziario o correlato\" a chiunque sia associato ai contestatori (una \"persona designata\"). Questo ha portato, secondo il&nbsp;<a href=\"https:\/\/www.cbc.ca\/news\/politics\/emergencies-act-banks-ottawa-protests-1.6353968\">CBC<\/a>in \"conti congelati, denaro incagliato e carte di credito cancellate\".<\/p>\n\n\n\n<p>Secondo questo nuovo ordine, le banche hanno il \"dovere di determinare\" se uno dei loro clienti \u00e8 una \"persona designata\". Una \"persona designata\" pu\u00f2 riferirsi a chiunque partecipi \"direttamente o indirettamente\" alla protesta, compresi i donatori che \"forniscono beni per facilitare\" le proteste attraverso siti di crowdfunding. In altre parole, una persona designata pu\u00f2 essere tanto una nonna che ha donato $25 per sostenere i camionisti quanto uno degli organizzatori del convoglio.&nbsp;<\/p>\n\n\n\n<p>Perch\u00e9 i dati dei donatori al sito di crowdfunding&nbsp;<a href=\"https:\/\/www.nytimes.com\/2022\/02\/14\/world\/canada\/canada-trucker-protests-donations.html\">DareInviare<\/a>&nbsp;\u00e8 stato violato - e i dati trapelati mostrano che i canadesi hanno donato la maggior parte dei $8 milioni raccolti - molte migliaia di canadesi rispettosi della legge si trovano ora ad affrontare la prospettiva di ritorsioni finanziarie e di essere rovinati solo per aver sostenuto una protesta antigovernativa.<\/p>\n\n\n\n<p>Gi\u00e0 un funzionario governativo di basso livello in&nbsp;<a href=\"https:\/\/toronto.ctvnews.ca\/ontario-government-staffer-out-of-a-job-after-100-donation-to-ottawa-blockade-others-under-scrutiny-1.5784390\">Ontario<\/a>&nbsp;\u00e8 stata licenziata dopo che \u00e8 venuta alla luce la sua donazione $100. Una gelateria era&nbsp;<a href=\"https:\/\/ottawacitizen.com\/opinion\/jaimet-peace-love-ice-cream-and-trucker-protests\">costretti a chiudere<\/a>&nbsp;quando ha ricevuto minacce dopo che \u00e8 stato rivelato che il suo proprietario aveva fatto una donazione alla protesta. Mercoled\u00ec, il Ministro della Giustizia&nbsp;<a href=\"https:\/\/twitter.com\/breaking911\/status\/1494123825876897797?s=21\">David Lametti<\/a>&nbsp;\u00e8 andato alla televisione canadese per dire ad alta voce la parte pi\u00f9 tranquilla, ovvero che chiunque contribuisca a \"un movimento pro-Trump\" dovrebbe essere \"preoccupato\" del congelamento dei propri conti bancari e di altri beni finanziari.&nbsp;<\/p>\n\n\n\n<p>Quando questi manifestanti o coloro che li hanno sostenuti finiranno in difficolt\u00e0 economiche perch\u00e9 perderanno il lavoro, l'attivit\u00e0 o il conto in banca, cosa succeder\u00e0 a coloro che cercheranno di aiutarli? Le istituzioni finanziarie canadesi saranno costrette a giocare a Sei gradi di deplorazione? La paura di essere intrappolati nella rete avr\u00e0 sicuramente un effetto raggelante sulle prospettive commerciali di coloro che sono sospettati di \"opinioni inaccettabili\", creando una casta di intoccabili con cui nessuno oser\u00e0 fare affari o aiutare.&nbsp;<\/p>\n\n\n\n<p>B.J. Dichter, uno degli organizzatori della protesta che ha subito il blocco di tutti i suoi conti bancari e delle carte di credito,&nbsp;<a href=\"https:\/\/twitter.com\/jordanbpeterson\/status\/1495091321261989889?s=21\">espresso<\/a>&nbsp;il senso di disperazione: \"Ci si sente come banditi dal villaggio medievale lasciati a morire\".<\/p>\n\n\n\n<hr class=\"wp-block-separator\"\/>\n\n\n\n<p>Come si \u00e8 arrivati a questo punto? Per anni, gli ideologi hanno usato le accuse di bigottismo per cacciare le persone dai loro posti di lavoro, cacciarle dai social media e revocare loro il diritto di partecipare all'economia online. Tuttavia, molti osservatori hanno considerato questi casi come esempi marginali che potevano essere ignorati perch\u00e9 riguardavano individui poco simpatici. Ma ora abbiamo un ampio gruppo di persone della classe operaia e i loro sostenitori che vengono deplorati finanziariamente per la disobbedienza civile.<\/p>\n\n\n\n<p>I camionisti canadesi sono stati diffamati dai media di entrambi i lati del confine come razzisti e bigotti, tanto che pochi pensano alle implicazioni da incubo per i cittadini comuni. Per la maggior parte, la CBC, la CNN, la MSNBC e i principali quotidiani di entrambi i paesi hanno applaudito e incoraggiato Trudeau nella sua discesa verso l'autoritarismo, anche mentre varie province canadesi&nbsp;<a href=\"https:\/\/www.nytimes.com\/2022\/02\/14\/world\/canada\/doug-ford-announcement-ontario.html\">rescindere<\/a>&nbsp;i vaccini obbligatori che hanno originariamente ispirato le proteste.&nbsp;<\/p>\n\n\n\n<p>Forse nessuno \u00e8 stato pi\u00f9 entusiasta di un collaboratore della CNN.&nbsp;<a href=\"https:\/\/twitter.com\/juliettekayyem\/status\/1491789181428715521?s=21\">Juliette Kayyem<\/a>. Ha scritto su Twitter per incoraggiare il governo di Trudeau a \"tagliare le gomme, svuotare i serbatoi di benzina, arrestare gli autisti\" e poi a \"cancellare la loro assicurazione, sospendere le loro patenti, proibire qualsiasi futura verifica normativa per i camionisti\" e altre idee che sembravano estreme finch\u00e9 Trudeau non ne ha adottate alcune. \"Fidati di me\".&nbsp;<a href=\"https:\/\/twitter.com\/juliettekayyem\/status\/1491789181428715521?s=21\">dichiarato<\/a>&nbsp;Kayyem: \"Non mi stancher\u00f2 mai di fare del male\". Si sospetta che nemmeno Trudeau lo far\u00e0, anche se la prossima fine della pandemia render\u00e0 irrilevante l'intera disputa. Strano, \u00e8 quasi come se \"<a href=\"https:\/\/www.theatlantic.com\/ideas\/archive\/2018\/10\/the-cruelty-is-the-point\/572104\/\">la crudelt\u00e0 \u00e8 il punto<\/a>.\"&nbsp;<\/p>\n\n\n\n<p>La concezione di questi opinionisti e politici non potrebbe essere pi\u00f9 in contrasto con la realt\u00e0. Si atteggiano a difensori della democrazia mentre invocano poteri d'emergenza senza un dibattito legislativo o pubblico, o comunque senza un'emergenza. Sostengono che la diversit\u00e0 e la tolleranza sono i loro valori pi\u00f9 alti, mentre insistono sul fatto che solo un punto di vista politico \u00e8 accettabile e censurano le alternative. Soprattutto, le \u00e9lite progressiste si considerano i paladini degli svantaggiati, mentre demonizzano gli uomini e le donne della classe operaia il cui sostentamento economico \u00e8 stato devastato dalle loro politiche draconiane.<\/p>\n\n\n\n<p>Queste \u00e9lite passeranno presto alla prossima indignazione su Twitter, ma il popolo canadese vivr\u00e0 con le conseguenze delle azioni di Trudeau molto tempo dopo che l'ultimo camion sar\u00e0 stato rimosso e l'ultimo dei manifestanti sar\u00e0 stato sgomberato da gas lacrimogeni, granate stordenti e polizia a cavallo. Infatti, durante il fine settimana, il capo della polizia di Ottawa&nbsp;<a href=\"https:\/\/twitter.com\/rupasubramanya\/status\/1495149866464514051\">ha detto ai giornalisti<\/a>&nbsp;che perseguiranno i manifestanti per le settimane e i mesi a venire: \"Se siete coinvolti in questa protesta, cercheremo attivamente di identificarvi e di perseguirvi con sanzioni finanziarie e accuse penali. Assolutamente s\u00ec\".<\/p>\n\n\n\n<p>Sebbene l'ordine di emergenza autorizzi il congelamento dei beni solo per 30 giorni, le banche e le istituzioni finanziarie si guarderanno bene dal riprendere i rapporti commerciali con qualsiasi \"persona designata\" - o con chiunque pensino possa diventarlo in futuro. Confidando nel fatto che queste imprese private faranno il lavoro sporco per loro, il governo probabilmente si tirer\u00e0 indietro, ma l'effetto di raffreddamento del dissenso politico rimarr\u00e0. \u00c8 una versione occidentale del sistema di credito sociale cinese, che non vieta del tutto il dissenso politico, ma lo rende cos\u00ec costoso da renderlo impraticabile per il cittadino comune.&nbsp;<\/p>\n\n\n\n<hr class=\"wp-block-separator\"\/>\n\n\n\n<p>Come possiamo impedire che questa politica distopica prenda piede qui negli Stati Uniti? Alcuni dei miei amici nel mondo della tecnologia&nbsp;<a href=\"https:\/\/twitter.com\/balajis\/status\/1493991231646437381?s=20&amp;t=1EevCv2yrwcwU9_exd5a-Q\">dire<\/a>&nbsp;che la blockchain decentralizzata e le criptovalute offrono una risposta - e questo potrebbe essere vero per i programmatori informatici pseudonimi che possono svolgere il loro lavoro da qualsiasi parte del mondo. Ma non aiuter\u00e0 i camionisti che operano nel mondo reale sotto la supervisione della Royal Canadian Mounted Police.<\/p>\n\n\n\n<p>La vera risposta sta nella politica e nella legge. I politici devono inserire nelle nostre leggi delle salvaguardie che proteggano i diritti finanziari dei cittadini da eventuali emergenze future che potrebbero essere usate come scusa per toglierli. Proprio come il professore dell'Universit\u00e0 di Chicago Richard Epstein&nbsp;<a href=\"https:\/\/www.wsj.com\/articles\/the-common-carrier-solution-to-social-media-censorship-11610732343\">proposto<\/a>&nbsp;che le maggiori societ\u00e0 di social media debbano essere trattate come vettori comuni per proibire loro di limitare la parola, potremmo dover proibire alle maggiori istituzioni finanziarie di negare ai cittadini l'accesso al sistema finanziario perch\u00e9 non gradiscono la loro politica. Per evitare la discriminazione sulla base del credo, potrebbe essere necessario che le convinzioni politiche diventino una classe protetta.<\/p>\n\n\n\n<p>Dobbiamo anche fermare la deriva definitoria del \"terrorismo\", un termine il cui uso \u00e8 diventato cos\u00ec elastico da includere anche il concetto di \"terrorismo\".&nbsp;<a href=\"https:\/\/bariweiss.substack.com\/p\/why-are-moms-like-me-being-called?utm_source=url\">mamme arrabbiate in lotta contro i consigli scolastici<\/a>. Proprio questo mese, il Dipartimento per la Sicurezza Nazionale ha apportato una modifica poco notata alla sua definizione di&nbsp;<a href=\"https:\/\/www.dhs.gov\/ntas\/advisory\/national-terrorism-advisory-system-bulletin-february-07-2022\">terrorismo interno<\/a>, citando la \"diffusa proliferazione online di narrazioni false o fuorvianti riguardanti frodi elettorali diffuse e non comprovate e il COVID-19\" come un fattore chiave di quello che considerava un ambiente di minaccia terroristica interna intensificato. Come abbiamo visto per oltre 20 anni, \"terrorismo\" \u00e8 la parola magica con cui si pu\u00f2 giustificare qualsiasi riduzione dei diritti e l'espansione del potere del governo.<\/p>\n\n\n\n<p>I cittadini americani non devono mai essere etichettati come terroristi solo per aver esercitato i loro diritti costituzionali di parlare liberamente, di praticare liberamente il proprio culto o di riunirsi pacificamente per protestare. Naturalmente, un atto di violenza commesso al servizio di una causa radicale \u00e8 terrorismo, sia esso commesso a Baghdad o a Brooklyn, ma non lo \u00e8 il solo discorso costituzionalmente protetto. Contrariamente alla&nbsp;<a href=\"https:\/\/www.persuasion.community\/p\/a-taxonomy-of-fear?utm_source=url\">sicurezza<\/a>&nbsp;praticata dagli amministratori universitari e dai dipartimenti delle risorse umane, la parola non \u00e8 violenza. Un cittadino che posta sui social media, anche se mette in discussione i vaccini o inveisce contro i mandati delle maschere, non sta fomentando il terrorismo.<\/p>\n\n\n\n<p>A noi del mondo libero \u00e8 stato chiesto di sospendere molte delle nostre libert\u00e0 per il bene della nostra salute collettiva durante questa pandemia. Ma chiederci di compromettere il nostro diritto alla protesta pacifica, o di vederci sequestrare le nostre finanze senza un regolare processo di legge in nome di una finta emergenza, non pu\u00f2 mai diventare normale. Nelle parole del giudice Gorsuch, \"anche se la Costituzione si \u00e8 presa una vacanza durante questa pandemia, non pu\u00f2 diventare un anno sabbatico\".<\/p>\n\n\n\n<p>Articolo originale : <a href=\"https:\/\/bariweiss.substack.com\/p\/a-social-credit-system-arrives-in?utm_source=url\">https:\/\/bariweiss.substack.com\/p\/a-social-credit-system-arrives-in?utm_source=url<\/a><\/p>","protected":false},"featured_media":3988,"template":"","format":"standard","_links":{"self":[{"href":"https:\/\/fakten-basierte-politik.de\/it\/wp-json\/wp\/v2\/news-estero\/3987"}],"collection":[{"href":"https:\/\/fakten-basierte-politik.de\/it\/wp-json\/wp\/v2\/news-estero"}],"about":[{"href":"https:\/\/fakten-basierte-politik.de\/it\/wp-json\/wp\/v2\/types\/news-estero"}],"version-history":[{"count":1,"href":"https:\/\/fakten-basierte-politik.de\/it\/wp-json\/wp\/v2\/news-estero\/3987\/revisions"}],"predecessor-version":[{"id":3989,"href":"https:\/\/fakten-basierte-politik.de\/it\/wp-json\/wp\/v2\/news-estero\/3987\/revisions\/3989"}],"wp:featuredmedia":[{"embeddable":true,"href":"https:\/\/fakten-basierte-politik.de\/it\/wp-json\/wp\/v2\/media\/3988"}],"wp:attachment":[{"href":"https:\/\/fakten-basierte-politik.de\/it\/wp-json\/wp\/v2\/media?parent=3987"}],"curies":[{"name":"wp","href":"https:\/\/api.w.org\/{rel}","templated":true}]}}