{"id":3937,"date":"2022-02-11T14:28:24","date_gmt":"2022-02-11T13:28:24","guid":{"rendered":"https:\/\/fakten-basierte-politik.de\/?post_type=news-estero&#038;p=3937"},"modified":"2022-02-11T14:28:25","modified_gmt":"2022-02-11T13:28:25","slug":"wird-uber-nationalen-verfassungen-stehen-who-etabliert-globales-abkommen-zur-pandemievorsorge","status":"publish","type":"news-estero","link":"https:\/\/fakten-basierte-politik.de\/it\/news-estero\/wird-uber-nationalen-verfassungen-stehen-who-etabliert-globales-abkommen-zur-pandemievorsorge\/","title":{"rendered":"Sar\u00e0 al di sopra delle costituzioni nazionali: L'OMS stabilisce un accordo globale sulla \"preparazione alle pandemie\"!"},"content":{"rendered":"\n<p>So sehr das Ende der Corona-Beschr\u00e4nkungen in vielen L\u00e4ndern auch zu begr\u00fc\u00dfen ist, man sollte sich nicht von der Tatsache t\u00e4uschen lassen, dass im Hintergrund weiter an einem globalen Umbau nach den Vorgaben des \u201eGreat Reset\u201c gebaut wird. Und das auf Hochtouren.<br>&nbsp;<\/p>\n\n\n\n<p><strong>Bedrohliches Abkommen f\u00fcr \u201ePandemiepr\u00e4vention\u201c<\/strong><\/p>\n\n\n\n<p>Denn das nun offensichtliche Scheitern der Covid-Ma\u00dfnahmen, samt dem Zur\u00fcckrudern und Kleinbeigeben von Politik und Medien, war offenbar Teil des Plans. Die WHO nutzt nun diese allgemeine Ablenkung, um die Mitgliedstaaten zur&nbsp;<a href=\"https:\/\/www.consilium.europa.eu\/en\/policies\/coronavirus\/pandemic-treaty\/\">Unterzeichnung eines neuen Abkommens \u00fcber die weltweite Pandemievorsorge\u201c<\/a>&nbsp;zu bewegen, das im Grunde genommen der WHO die Macht in allen medizinischen und klimatischen Notf\u00e4llen \u00fcbertr\u00e4gt!<\/p>\n\n\n\n<p><em>\u201e[\u2026] a convention, agreement or other international instrument under the Constitution of the World Health Organization to strengthen pandemic prevention, preparedness and response.&nbsp;[\u2026]\u201c<\/em><\/p>\n\n\n\n<p>Der neue,&nbsp;<a href=\"https:\/\/www.who.int\/news\/item\/01-12-2021-world-health-assembly-agrees-to-launch-process-to-develop-historic-global-accord-on-pandemic-prevention-preparedness-and-response\">im Dezember 2021 p\u00e4sentierte, Vertrag<\/a>, der einen urspr\u00fcnglichen Vertrag von 2005 erweitert, bedeutet, wenn er von den Mitgliedstaaten angenommen wird, dass die Verfassung der WHO (gem\u00e4\u00df Artikel 9) bei Naturkatastrophen oder Pandemien Vorrang vor der Verfassung der einzelnen L\u00e4nder hat. Daf\u00fcr will man in Europa vor allem die EU zur Implementierung in den Mitgliedsstaaten gewinnen.<\/p>\n\n\n\n<p><strong>WHO wird k\u00fcnftig diktieren, nicht empfehlen<\/strong><\/p>\n\n\n\n<p>Mit anderen Worten: Die WHO wird k\u00fcnftig diktieren, nicht nur empfehlen.<\/p>\n\n\n\n<p>Von Seiten der WHO wurde nun bereits ein zwischenstaatliches Verhandlungsgremium konstituiert, das seine erste Sitzung am 1. M\u00e4rz 2022 abh\u00e4lt (\u201ezur Vereinbarung von Arbeitsweisen und Zeitpl\u00e4nen\u201c) und seine zweite am 1. August 2022 (um \u201eFortschritte bei einem Arbeitsentwurf\u201c zu er\u00f6rtern). Anschlie\u00dfend wird sie der 76. Weltgesundheitsversammlung im Jahr 2023 einen Fortschrittsbericht vorlegen, mit dem Ziel, das \u201eInstrument\u201c bis 2024 zu verabschieden.<\/p>\n\n\n\n<p>Das Instrument&nbsp;soll:<\/p>\n\n\n\n<ul><li><em>ein st\u00e4rkeres, nachhaltiges und langfristiges politisches Engagement auf der Ebene der weltweiten Staats- und Regierungschefs sicherstellen&nbsp;<\/em><\/li><li><em>klare Prozesse und Aufgaben definieren&nbsp;<\/em><\/li><li><em>Verbesserung der langfristigen Unterst\u00fctzung des \u00f6ffentlichen und privaten Sektors auf allen Ebenen&nbsp;<\/em><\/li><li><em>F\u00f6rderung der Integration von Gesundheitsfragen in alle relevanten Politikbereichen sicherstellen<\/em><\/li><\/ul>\n\n\n\n<p>Die Schweizer Wissenschaftlerin Dr. Astrid Stuckelberger, die seit 20 Jahren f\u00fcr die WHO arbeitet, warnt genau davor. Sie meint, dass jedes Land einen \u00f6ffentlichen Protestbrief an die WHO schicken sollte, in dem es hei\u00dft, dass es inakzeptabel ist, dass die Unterschrift des Gesundheitsministers eines Landes ohne Referendum \u00fcber das Schicksal von Millionen von Menschen entscheidet.<\/p>\n\n\n\n<p>Dr. Stuckelberger teilte mit, dass bisher nur Russland ein solches Einspruchsschreiben geschickt hat.<\/p>\n\n\n\n<p>Abschlie\u00dfend sei noch die gemeinsame Erk\u00e4rung von F\u00fchrern aus der ganzen Welt gemeinsam mit dem Pr\u00e4sidenten des Europ\u00e4ischen Rates, Charles Michel, und dem Generaldirektor der Weltgesundheitsorganisation, Dr. Tedros Adhanom, zur Covi-19-Pandemie zitiert:<\/p>\n\n\n\n<p><em>\u201eEs wird andere Pandemien und andere gro\u00dfe gesundheitliche Notf\u00e4lle geben. Die Frage ist nicht ob, sondern wann. Gemeinsam m\u00fcssen wir besser darauf vorbereitet sein, Pandemien auf hochkoordinierte Weise vorherzusagen, zu verhindern, zu erkennen, zu bewerten und wirksam darauf zu reagieren. Zu diesem Zweck glauben wir, dass die Nationen gemeinsam auf einen neuen internationalen Vertrag zur Vorbereitung und Reaktion auf Pandemien hinarbeiten sollten.\u201c<\/em><\/p>\n\n\n\n<p>Original Article: <a href=\"https:\/\/unser-mitteleuropa.com\/wird-ueber-nationalen-verfassungen-stehen-who-etabliert-globales-abkommen-zur-pandemievorsorge\/\">https:\/\/unser-mitteleuropa.com\/wird-ueber-nationalen-verfassungen-stehen-who-etabliert-globales-abkommen-zur-pandemievorsorge\/<\/a><\/p>\n","protected":false},"featured_media":3936,"template":"","format":"standard","_links":{"self":[{"href":"https:\/\/fakten-basierte-politik.de\/it\/wp-json\/wp\/v2\/news-estero\/3937"}],"collection":[{"href":"https:\/\/fakten-basierte-politik.de\/it\/wp-json\/wp\/v2\/news-estero"}],"about":[{"href":"https:\/\/fakten-basierte-politik.de\/it\/wp-json\/wp\/v2\/types\/news-estero"}],"version-history":[{"count":1,"href":"https:\/\/fakten-basierte-politik.de\/it\/wp-json\/wp\/v2\/news-estero\/3937\/revisions"}],"predecessor-version":[{"id":3938,"href":"https:\/\/fakten-basierte-politik.de\/it\/wp-json\/wp\/v2\/news-estero\/3937\/revisions\/3938"}],"wp:featuredmedia":[{"embeddable":true,"href":"https:\/\/fakten-basierte-politik.de\/it\/wp-json\/wp\/v2\/media\/3936"}],"wp:attachment":[{"href":"https:\/\/fakten-basierte-politik.de\/it\/wp-json\/wp\/v2\/media?parent=3937"}],"curies":[{"name":"wp","href":"https:\/\/api.w.org\/{rel}","templated":true}]}}