{"id":3611,"date":"2022-01-10T13:43:00","date_gmt":"2022-01-10T12:43:00","guid":{"rendered":"https:\/\/fakten-basierte-politik.de\/?post_type=news-estero&#038;p=3611"},"modified":"2022-01-10T13:43:01","modified_gmt":"2022-01-10T12:43:01","slug":"brisant-britische-regierung-bestatigt-keine-wissenschaftliche-belege-fur-maskenpflicht-an-schulen","status":"publish","type":"news-estero","link":"https:\/\/fakten-basierte-politik.de\/it\/news-estero\/brisant-britische-regierung-bestatigt-keine-wissenschaftliche-belege-fur-maskenpflicht-an-schulen\/","title":{"rendered":"BRISANT: Il governo britannico conferma: Nessuna prova scientifica per le maschere obbligatorie nelle scuole!"},"content":{"rendered":"<p id=\"viewer-foo\">L'ultimo esempio del perch\u00e9 la gente non dovrebbe seguire ciecamente la \"scienza\" come prescritto dai burocrati \u00e8 venuto venerd\u00ec quando <a href=\"https:\/\/www.bloomberg.com\/news\/articles\/2022-01-07\/masks-in-schools-provide-weak-shield-against-covid-study-shows?sref=i4qXzk6d\" target=\"_blank\" rel=\"noreferrer noopener\"><u>Bloomberg<\/u><\/a> ha riferito di come un <a href=\"https:\/\/assets.publishing.service.gov.uk\/government\/uploads\/system\/uploads\/attachment_data\/file\/1044767\/Evidence_summary_-_face_coverings.pdf\" target=\"_blank\" rel=\"noreferrer noopener\"><u>Analisi del governo britannico<\/u><\/a>che avrebbe dovuto giustificare l'uso delle maschere nelle scuole, in realt\u00e0 non ha fornito una sola prova scientifica per la controversa pratica:<\/p>\n\n\n\n<blockquote class=\"wp-block-quote\" id=\"viewer-fc7cn\"><p>L'Inghilterra ha introdotto nuove regole di mascheramento nelle scuole per frenare la diffusione del covid, sulla base di uno studio che non \u00e8 riuscito a fornire prove conclusive della sua efficacia, secondo un rapporto pubblicato dal Dipartimento per l'Istruzione.<\/p><\/blockquote>\n\n\n\n<p id=\"viewer-ba61h\">Lo stesso \u00e8 stato riportato dal <a href=\"https:\/\/www.bbc.com\/news\/health-59895934\" target=\"_blank\" rel=\"noreferrer noopener\"><u>BBC<\/u><\/a>:<\/p>\n\n\n\n<blockquote class=\"wp-block-quote\" id=\"viewer-5092c\"><p>Il governo riconosce che le prove a favore dell'uso di maschere nelle scuole per ridurre la diffusione del covid <em>\"inconcludente\"<\/em> sono.<\/p><\/blockquote>\n\n\n\n<blockquote class=\"wp-block-quote\" id=\"viewer-c0nvu\"><p><strong>Un effetto statisticamente significativo non ha potuto essere dimostrato nello studio del governo dall'autunno.<\/strong><\/p><\/blockquote>\n\n\n\n<p id=\"viewer-u27f\">Eppure le maschere obbligatorie sono state introdotte nelle scuole nonostante il fatto che, secondo la BBC, non sia stata fatta un'analisi completa dei costi rispetto ai benefici, mentre il 94 % dei presidi e degli insegnanti ha detto che la comunicazione tra insegnanti e alunni \u00e8 stata resa pi\u00f9 difficile dalle maschere obbligatorie.<\/p>\n\n\n\n<p id=\"viewer-8eq3j\">Sfortunatamente, n\u00e9 il rapporto del governo n\u00e9 i media citati sopra affrontano i rischi per la salute - sia fisici che psicologici - che possono derivare dall'indossare una maschera facciale.<\/p>\n\n\n\n<p id=\"viewer-5rc2b\">C'\u00e8 probabilmente una ragione pi\u00f9 profonda per cui le scuole, tra tutti i luoghi, insistono cos\u00ec tanto sulle maschere obbligatorie nonostante la mancanza di prove. Cathy O'Brien, una sopravvissuta all'infausto progetto di ricerca MK-ULTRA, che consisteva nel manipolare mentalmente le persone, descrive in un penetrante <a href=\"https:\/\/trance-formation.com\/the-great-unmasking\/\" target=\"_blank\" rel=\"noreferrer noopener\"><u>Podcast<\/u><\/a>che indossare una maschera gioca un ruolo importante nel controllo mentale basato sul trauma:<\/p>\n\n\n\n<blockquote class=\"wp-block-quote\" id=\"viewer-3h3jt\"><p>Le maschere sono un evidente mezzo di controllo mentale e mi disturba che cos\u00ec tante persone in tutto il mondo vi aderiscano.<\/p><\/blockquote>\n\n\n\n<blockquote class=\"wp-block-quote\" id=\"viewer-bl59t\"><p>Nel corso degli anni ho visto foto di persone in Cina che indossano maschere che controllano l'aria che respirano \"a causa dell'inquinamento\". Sapevo che questo era un meccanismo di disumanizzazione della popolazione tanto quanto i burka.<\/p><\/blockquote>\n\n\n\n<blockquote class=\"wp-block-quote\" id=\"viewer-b5qto\"><p>Le maschere disumanizzano e danno a una persona la sensazione di non avere voce. \u00c8 una barriera per gli altri. (...)<\/p><\/blockquote>\n\n\n\n<blockquote class=\"wp-block-quote\" id=\"viewer-b582f\"><p>Soprattutto, queste maschere obbligatorie controllano letteralmente l'aria che respiriamo. Ecco perch\u00e9 mia figlia Kelly ha dovuto indossare maschere dall'et\u00e0 di due anni.<\/p><\/blockquote>\n\n\n\n<blockquote class=\"wp-block-quote\" id=\"viewer-f1eu3\"><p>Tu ed io siamo stati condizionati da MK Ultra. I torturatori avevano potere su di noi, sulla vita e sulla morte. Eravamo programmati a livelli che controllavano il battito cardiaco, il battito degli occhi e la respirazione, come praticato dalle forze speciali militari. (...)<\/p><\/blockquote>\n\n\n\n<p id=\"viewer-v8dj\">(L'intera trascrizione di Cathy O'Brien pu\u00f2 essere trovata su <a href=\"https:\/\/uncut-news.ch\/wp-content\/uploads\/2020\/10\/MKUltra-Ueberlebende-Der-CIAMilitaerischen-Gebrauch-von-Masken-zur-Bewusstseinskontrolle.pdf\" target=\"_blank\" rel=\"noreferrer noopener\"><u>uncut-news.ch<\/u><\/a> essere letto).<\/p>\n\n\n\n<p id=\"viewer-dq0sf\">\u00c8 particolarmente angosciante osservare come gli insegnanti, che dovrebbero essere empatici e sensibili ai bisogni dei bambini, li assecondano praticamente senza resistenza e a volte diventano essi stessi delle bestie. In Colorado, una studentessa ribelle si \u00e8 fatta incollare la maschera sul viso. (cfr. <a href=\"https:\/\/www.foxnews.com\/us\/colorado-school-district-investigates-teachers-taped-masks-students-faces\" target=\"_blank\" rel=\"noreferrer noopener\"><u>FOX NEWS<\/u><\/a>)<\/p>\n\n\n\n<figure class=\"wp-block-image\"><img decoding=\"async\" src=\"https:\/\/static.wixstatic.com\/media\/26ff10_dd7c4320483f4c03a897348dc5a91906~mv2.jpg\/v1\/fit\/w_750,h_375,al_c,q_20\/file.jpg\" alt=\"\"\/><\/figure>\n\n\n\n<figure class=\"wp-block-image\"><img decoding=\"async\" src=\"https:\/\/static.wixstatic.com\/media\/26ff10_dd7c4320483f4c03a897348dc5a91906~mv2.jpg\/v1\/fill\/w_925,h_463,al_c,q_90\/26ff10_dd7c4320483f4c03a897348dc5a91906~mv2.webp\" alt=\"\"\/><\/figure>\n\n\n\n<p id=\"viewer-8fek5\">Come possiamo rispondere a queste aggressioni \u00e8 stato esemplificato da Fiona Lashells, 8 anni, di Palm Beach County (FL). \u00c8 stata espulsa da scuola 38 volte per essersi rifiutata di indossare una maschera. Ora il consiglio scolastico ha eliminato l'assurdo requisito della maschera. (cfr. <a href=\"https:\/\/www.lifesitenews.com\/news\/florida-school-board-finally-drops-mask-mandate-after-suspending-8-year-old-38-times-for-violations\/\" target=\"_blank\" rel=\"noreferrer noopener\"><u>Notizie dal sito Life<\/u><\/a>)<\/p>\n\n\n\n<p id=\"viewer-fu7a2\">Alla riunione del consiglio scolastico del 22 settembre 2021, ha detto al consiglio che sperava che tutti quelli che le hanno fatto questo andassero in prigione:<video src=\"https:\/\/video.wixstatic.com\/video\/26ff10_2043ed28a97842f79b9bab5b6cdd4a2b\/360p\/mp4\/file.mp4\" preload=\"auto\" controls=\"\"><\/video><\/p>\n\n\n\n<p id=\"viewer-4def6\">Telegram non censura! Se trovi queste informazioni importanti, puoi iscriverti gratuitamente a Legitim su Telegram: <a rel=\"noreferrer noopener\" href=\"https:\/\/t.me\/LegitimNews\" target=\"_blank\"><strong><u>registrarsi qui<\/u><\/strong><\/a><\/p>\n\n\n\n<p>Articolo originale: <a href=\"https:\/\/www.legitim.ch\/post\/brisant-britischen-regierung-best%C3%A4tigt-die-wirkung-von-masken-an-schulen-ist-nicht-erwiesen\">https:\/\/www.legitim.ch\/post\/brisant-britischen-regierung-best%C3%A4tigt-die-wirkung-von-masken-an-schulen-ist-nicht-erwiesen<\/a><\/p>","protected":false},"featured_media":3610,"template":"","format":"standard","_links":{"self":[{"href":"https:\/\/fakten-basierte-politik.de\/it\/wp-json\/wp\/v2\/news-estero\/3611"}],"collection":[{"href":"https:\/\/fakten-basierte-politik.de\/it\/wp-json\/wp\/v2\/news-estero"}],"about":[{"href":"https:\/\/fakten-basierte-politik.de\/it\/wp-json\/wp\/v2\/types\/news-estero"}],"version-history":[{"count":1,"href":"https:\/\/fakten-basierte-politik.de\/it\/wp-json\/wp\/v2\/news-estero\/3611\/revisions"}],"predecessor-version":[{"id":3613,"href":"https:\/\/fakten-basierte-politik.de\/it\/wp-json\/wp\/v2\/news-estero\/3611\/revisions\/3613"}],"wp:featuredmedia":[{"embeddable":true,"href":"https:\/\/fakten-basierte-politik.de\/it\/wp-json\/wp\/v2\/media\/3610"}],"wp:attachment":[{"href":"https:\/\/fakten-basierte-politik.de\/it\/wp-json\/wp\/v2\/media?parent=3611"}],"curies":[{"name":"wp","href":"https:\/\/api.w.org\/{rel}","templated":true}]}}