{"id":3534,"date":"2021-12-28T13:05:23","date_gmt":"2021-12-28T12:05:23","guid":{"rendered":"https:\/\/fakten-basierte-politik.de\/?post_type=news-estero&#038;p=3534"},"modified":"2021-12-28T13:05:24","modified_gmt":"2021-12-28T12:05:24","slug":"studie-bestatigt-deutliche-ubersterblichkeit-durch-covid-impfungen","status":"publish","type":"news-estero","link":"https:\/\/fakten-basierte-politik.de\/it\/news-estero\/studie-bestatigt-deutliche-ubersterblichkeit-durch-covid-impfungen\/","title":{"rendered":"Uno studio conferma un significativo eccesso di mortalit\u00e0 dalle vaccinazioni Covid"},"content":{"rendered":"<h4 class=\"wp-block-heading\">Da qualche tempo si osserva un aumento del tasso di mortalit\u00e0 in parallelo alle campagne di vaccinazione. Questo eccesso di mortalit\u00e0 si \u00e8 manifestato da un lato attraverso malattie covide con esiti letali subito dopo la vaccinazione e dall'altro lato attraverso morti come effetti collaterali.<\/h4>\n\n\n\n<p><em>Da Peter F. Mayer<\/em><\/p>\n\n\n\n<p>Nelle valutazioni delle cifre di morte riportate dalle autorit\u00e0 statistiche, un certo numero di paesi, come&nbsp;<a href=\"https:\/\/tkp.at\/2021\/11\/20\/die-genaue-analyse-britischer-sterbezahlen-foerdert-fragwuerdige-datenqualitaet-zu-tage\/\" target=\"_blank\" rel=\"noreferrer noopener\">REGNO UNITO<\/a>,&nbsp;<a href=\"https:\/\/tkp.at\/2021\/12\/23\/uebersterblichkeit-steigt-weiter-prognose-fuer-2021-update-23-12-2021\/\" target=\"_blank\" rel=\"noreferrer noopener\">Germania<\/a>,&nbsp;<a href=\"https:\/\/tkp.at\/2021\/11\/08\/die-uebersterblichkeit-durch-spiking-in-israel-und-island\/\" target=\"_blank\" rel=\"noreferrer noopener\">Israele<\/a>&nbsp;o&nbsp;<a href=\"https:\/\/tkp.at\/2021\/12\/11\/stellungnahme-zum-covid-19-impfpflichtgesetz-in-der-parlamentarischen-begutachtung\/\" target=\"_blank\" rel=\"noreferrer noopener\">Austria<\/a>&nbsp;nel 2021 rispetto all'eccesso di mortalit\u00e0 del 2020 discernibile.<\/p>\n\n\n\n<p>Questo \u00e8 ora supportato anche da&nbsp;<a href=\"https:\/\/www.researchgate.net\/publication\/355581860_COVID_vaccination_and_age-stratified_all-cause_mortality_risk\" target=\"_blank\" rel=\"noreferrer noopener\">uno studio<\/a>&nbsp;che \u00e8 stato pubblicato come preprint in Researchgate.<\/p>\n\n\n\n<p>Gli autori hanno trovato nei dati europei e israeliani che la vaccinazione COVID \u00e8 associata a un aumento della mortalit\u00e0 0-5 settimane dopo la vaccinazione. Una minore mortalit\u00e0 si osserva nel periodo 6-20 settimane dopo la vaccinazione.<\/p>\n\n\n\n<p>Utilizzando i dati degli Stati Uniti, \u00e8 stato possibile determinare un tasso medio nazionale di mortalit\u00e0 da vaccinazione di 0,04 % entro un mese. Il tasso di mortalit\u00e0 legato al vaccino nel gruppo di et\u00e0 0-17 era 0,004%, salendo a 0,06 per quelli di 75 anni e pi\u00f9. I risultati significativi dei calcoli suggeriscono che tra febbraio e agosto 2021, si stima che da 130.000 a 180.000 morti negli Stati Uniti possano essere attribuiti alla vaccinazione.<\/p>\n\n\n\n<p>La stima \u00e8 coerente con le stime indipendenti basate sul Vaccine Adverse Events Reporting System (VAERS) e suggerisce che le morti VAERS sono sottostimate di un fattore 20.<\/p>\n\n\n\n<p>Il confronto tra i tassi di mortalit\u00e0 legati all'et\u00e0 della vaccinazione e i tassi di mortalit\u00e0 legati all'et\u00e0 dell'infezione suggerisce che i rischi della vaccinazione COVID superano i benefici nei bambini, negli adulti giovani e di mezza et\u00e0 e nei gruppi di et\u00e0 pi\u00f9 avanzata con basso rischio sanitario, precedente esposizione al coronavirus e accesso alla profilassi alternativa e alle opzioni di trattamento precoce.<\/p>\n\n\n\n<p>Articolo originale: <a href=\"https:\/\/tkp.at\/2021\/12\/27\/studie-bestaetigt-deutliche-uebersterblichkeit-durch-covid-impfungen\/\">https:\/\/tkp.at\/2021\/12\/27\/studie-bestaetigt-deutliche-uebersterblichkeit-durch-covid-impfungen\/<\/a><\/p>","protected":false},"featured_media":3533,"template":"","format":"standard","_links":{"self":[{"href":"https:\/\/fakten-basierte-politik.de\/it\/wp-json\/wp\/v2\/news-estero\/3534"}],"collection":[{"href":"https:\/\/fakten-basierte-politik.de\/it\/wp-json\/wp\/v2\/news-estero"}],"about":[{"href":"https:\/\/fakten-basierte-politik.de\/it\/wp-json\/wp\/v2\/types\/news-estero"}],"version-history":[{"count":1,"href":"https:\/\/fakten-basierte-politik.de\/it\/wp-json\/wp\/v2\/news-estero\/3534\/revisions"}],"predecessor-version":[{"id":3535,"href":"https:\/\/fakten-basierte-politik.de\/it\/wp-json\/wp\/v2\/news-estero\/3534\/revisions\/3535"}],"wp:featuredmedia":[{"embeddable":true,"href":"https:\/\/fakten-basierte-politik.de\/it\/wp-json\/wp\/v2\/media\/3533"}],"wp:attachment":[{"href":"https:\/\/fakten-basierte-politik.de\/it\/wp-json\/wp\/v2\/media?parent=3534"}],"curies":[{"name":"wp","href":"https:\/\/api.w.org\/{rel}","templated":true}]}}