{"id":3483,"date":"2021-12-20T10:19:10","date_gmt":"2021-12-20T09:19:10","guid":{"rendered":"https:\/\/fakten-basierte-politik.de\/?post_type=news-estero&#038;p=3483"},"modified":"2021-12-20T10:19:11","modified_gmt":"2021-12-20T09:19:11","slug":"antisemitismus-vorwurfe-gegen-deutschen-kardinal","status":"publish","type":"news-estero","link":"https:\/\/fakten-basierte-politik.de\/it\/news-estero\/antisemitismus-vorwurfe-gegen-deutschen-kardinal\/","title":{"rendered":"Accuse di antisemitismo contro il cardinale tedesco"},"content":{"rendered":"<p><strong>Solo poco tempo dopo le parole critiche del cardinale M\u00fcller contro la politica dominante di Corona, i suoi rappresentanti hanno immediatamente contrattaccato: con accuse di antisemitismo contro l'ecclesiastico.<\/strong><\/p>\n\n\n\n<p><em>Berlino<\/em>. - In un video, il cardinale Gerhard Ludwig M\u00fcller ha avvertito che la lotta contro la pandemia sarebbe stata usata impropriamente per sottoporre le persone al \"controllo totale\" e installare uno \"stato di sorveglianza\". \"Molte persone muoiono, si ammalano o sono gravemente limitate nella loro vita. L'economia \u00e8 gravemente danneggiata. I bambini non possono andare a scuola, il che causer\u00e0 drammatici danni a lungo termine alle loro anime e menti. E poi ci sono persone che siedono sul trono della loro ricchezza e non sono toccate da tutte queste difficolt\u00e0 quotidiane e proclamano a gran voce che questa \u00e8 l'occasione per far passare la loro agenda\", ha avvertito il sacerdote. In questo contesto, M\u00fcller ha nominato, per esempio, il capo del World Economic Forum Klaus Schwab, il miliardario statunitense George Soros e l'ex capo di Microsoft Bill Gastes.<\/p>\n\n\n\n<h2 class=\"wp-block-heading\">Accusa di teoria della cospirazione<\/h2>\n\n\n\n<p>Contro queste dichiarazioni critiche dell'ex vescovo di Ratisbona sulla politica di Corona, c'\u00e8 a sua volta una critica tagliente. Il commissario per l'antisemitismo del governo federale, Felix Klein, lo accusa di diffondere \"miti cospirativi assurdi e antisemiti che sono dannosi per la nostra societ\u00e0 e non fanno che esacerbare i problemi esistenti\". Ha chiesto una chiara e inequivocabile presa di distanza della Chiesa cattolica dalle dichiarazioni del cardinale.<\/p>\n\n\n\n<p>\u00c8 stato raggiunto da Pinchas Goldschmidt, presidente della Conferenza Rabbinica Europea. Ha chiesto che il Vaticano e la Conferenza episcopale tedesca \"prendano chiaramente le distanze da dichiarazioni e posizioni cos\u00ec crude\".<\/p>\n\n\n\n<p>Anche Ludwig Spaenle (CSU), commissario per l'antisemitismo della Baviera, ha preso posizione: \"Il cardinale M\u00fcller ha servito luoghi comuni antiebraici e sta rendendo i pensieri antisemiti accettabili per alcuni credenti\", ha affermato nel giornale \"Welt\".<\/p>\n\n\n\n<p>Wolfgang Thierse, presidente del Bundestag e cattolico, non \u00e8 d'accordo con le richieste di prendere le distanze, ma solo perch\u00e9 il Papa non pu\u00f2 commentare ogni evento nella Chiesa e l'opinione di M\u00fcller \u00e8 una \"opinione fuori dal coro di un cardinale fuori dal coro\".<\/p>\n\n\n\n<p>Articolo originale: <a href=\"https:\/\/www.tagesstimme.com\/2021\/12\/16\/nach-corona-kritik-antisemitismus-vorwuerfe-gegen-deutschen-kardinal\">https:\/\/www.tagesstimme.com\/2021\/12\/16\/nach-corona-kritik-antisemitismus-vorwuerfe-gegen-deutschen-kardinal<\/a><\/p>","protected":false},"featured_media":3479,"template":"","format":"standard","_links":{"self":[{"href":"https:\/\/fakten-basierte-politik.de\/it\/wp-json\/wp\/v2\/news-estero\/3483"}],"collection":[{"href":"https:\/\/fakten-basierte-politik.de\/it\/wp-json\/wp\/v2\/news-estero"}],"about":[{"href":"https:\/\/fakten-basierte-politik.de\/it\/wp-json\/wp\/v2\/types\/news-estero"}],"version-history":[{"count":1,"href":"https:\/\/fakten-basierte-politik.de\/it\/wp-json\/wp\/v2\/news-estero\/3483\/revisions"}],"predecessor-version":[{"id":3484,"href":"https:\/\/fakten-basierte-politik.de\/it\/wp-json\/wp\/v2\/news-estero\/3483\/revisions\/3484"}],"wp:featuredmedia":[{"embeddable":true,"href":"https:\/\/fakten-basierte-politik.de\/it\/wp-json\/wp\/v2\/media\/3479"}],"wp:attachment":[{"href":"https:\/\/fakten-basierte-politik.de\/it\/wp-json\/wp\/v2\/media?parent=3483"}],"curies":[{"name":"wp","href":"https:\/\/api.w.org\/{rel}","templated":true}]}}