{"id":3256,"date":"2021-11-24T15:24:32","date_gmt":"2021-11-24T14:24:32","guid":{"rendered":"https:\/\/fakten-basierte-politik.de\/?post_type=news-estero&#038;p=3256"},"modified":"2021-11-24T15:24:33","modified_gmt":"2021-11-24T14:24:33","slug":"der-wert-eines-menschen-hangt-nicht-von-seinem-impfstatus-ab","status":"publish","type":"news-estero","link":"https:\/\/fakten-basierte-politik.de\/it\/news-estero\/der-wert-eines-menschen-hangt-nicht-von-seinem-impfstatus-ab\/","title":{"rendered":"\"Il valore di una persona non dipende dal suo stato di vaccinazione\"."},"content":{"rendered":"<p>Comunicato stampa<\/p>\n\n\n\n<p><strong><em>Il Dr. Ute Bergner, MdL consegna lo studio sull'eccesso di mortalit\u00e0 al Ministro della Salute della Turingia Heike Werner<\/em><\/strong><\/p>\n\n\n\n<p><strong>Erfurt.<\/strong>&nbsp;Dopo l'ora di attualit\u00e0 nel parlamento della Turingia, il Dr. Ute Bergner, membro del parlamento statale, ha presentato ieri sera, 17 novembre 2021, uno studio sull'eccesso di mortalit\u00e0 in Germania al ministro della sanit\u00e0 della Turingia Heike Werner. I dati analizzati nello studio si riferiscono al periodo dal 6 settembre 2021 al 10 ottobre 2021 e si basano su pubblicazioni dell'Ufficio federale di statistica e dell'Istituto Robert Koch. Gli scienziati giungono alle seguenti conclusioni&nbsp;<strong>Prof. Dr Rolf Steyer e Dr Gregor Kappler&nbsp;<\/strong>ha anche concluso che l'eccesso di mortalit\u00e0 in Germania \u00e8 strettamente correlato al tasso di vaccinazione.<\/p>\n\n\n\n<p>Lo studio afferma:<\/p>\n\n\n\n<p>\"La correlazione \u00e8 + .31, sorprendentemente alta e soprattutto in una direzione inaspettata. In realt\u00e0, dovrebbe essere negativo, in modo che si possa dire:&nbsp;<em>Pi\u00f9 alto \u00e8 il tasso di vaccinazione, pi\u00f9 basso \u00e8 l'eccesso di mortalit\u00e0.<\/em>&nbsp;Tuttavia, \u00e8 il contrario e questo ha bisogno di un chiarimento urgente. L'eccesso di mortalit\u00e0 si trova in tutti i 16 paesi. Il numero di morti di covidi riportato dall'RKI nel periodo considerato rappresenta coerentemente solo una parte relativamente piccola dell'eccesso di mortalit\u00e0 e, soprattutto, non pu\u00f2 spiegare il problema critico:&nbsp;<em>Pi\u00f9 alto \u00e8 il tasso di vaccinazione, pi\u00f9 alto \u00e8 l'eccesso di mortalit\u00e0.<\/em>\"<\/p>\n\n\n\n<p>Il deputato della Turingia&nbsp;<strong>Dr Ute Bergner<\/strong>&nbsp;commenta questo come segue:<\/p>\n\n\n\n<p>\"La salute dei turingiani sta a cuore a tutti noi. Tuttavia, tutti noi abbiamo una visione diversa dei modi che ci sono per mantenere la salute. Dopo la Sassonia, con un tasso di mortalit\u00e0 in eccesso di 4%, la Turingia \u00e8 lo stato con il pi\u00f9 basso tasso di mortalit\u00e0 in eccesso nel periodo di analisi. Dobbiamo essere orgogliosi del fatto che finora avete perseguito una politica che permette alla Turingia di vivere con una mortalit\u00e0 minima in eccesso! Il mio appello urgente a voi: smettete di fare pressione sui non vaccinati! Lasciate che siano i cittadini responsabili della Turingia a decidere se vogliono essere vaccinati o no. Il 2G \u00e8 escludente e discriminatorio - e vi chiedo di prendere seriamente la correlazione che ho delineato e di rivedere la vostra decisione sul 2G per la Turingia. Il valore di una persona non dipende dal suo stato di vaccinazione\".<\/p>\n\n\n\n<p><strong>Per scaricare lo studio, clicca sul link qui sotto:<\/strong><\/p>\n\n\n\n<p><a href=\"https:\/\/www.utebergner.de\/cms\/wp-content\/uploads\/2021\/11\/%C3%9Cbersterblichkeit-KW-36-bis-40-in-2021-003.pdf\">Eccesso di mortalit\u00e0 dalla settimana 36 alla 40 nel 2021 (003)<\/a><\/p>\n\n\n\n<p>Articolo originale: <a href=\"https:\/\/www.utebergner.de\/der-wert-eines-menschen-haengt-nicht-von-seinem-impfstatus-ab\/\">https:\/\/www.utebergner.de\/der-wert-eines-menschen-haengt-nicht-von-seinem-impfstatus-ab\/<\/a><\/p>","protected":false},"featured_media":3255,"template":"","format":"standard","_links":{"self":[{"href":"https:\/\/fakten-basierte-politik.de\/it\/wp-json\/wp\/v2\/news-estero\/3256"}],"collection":[{"href":"https:\/\/fakten-basierte-politik.de\/it\/wp-json\/wp\/v2\/news-estero"}],"about":[{"href":"https:\/\/fakten-basierte-politik.de\/it\/wp-json\/wp\/v2\/types\/news-estero"}],"version-history":[{"count":1,"href":"https:\/\/fakten-basierte-politik.de\/it\/wp-json\/wp\/v2\/news-estero\/3256\/revisions"}],"predecessor-version":[{"id":3257,"href":"https:\/\/fakten-basierte-politik.de\/it\/wp-json\/wp\/v2\/news-estero\/3256\/revisions\/3257"}],"wp:featuredmedia":[{"embeddable":true,"href":"https:\/\/fakten-basierte-politik.de\/it\/wp-json\/wp\/v2\/media\/3255"}],"wp:attachment":[{"href":"https:\/\/fakten-basierte-politik.de\/it\/wp-json\/wp\/v2\/media?parent=3256"}],"curies":[{"name":"wp","href":"https:\/\/api.w.org\/{rel}","templated":true}]}}